{"id":57147,"date":"2023-02-21T23:22:13","date_gmt":"2023-02-21T22:22:13","guid":{"rendered":"https:\/\/asolaa.ac.at\/wordpress\/?p=57147"},"modified":"2023-02-28T21:42:26","modified_gmt":"2023-02-28T20:42:26","slug":"projekttag-am-faschingsdienstag","status":"publish","type":"post","link":"https:\/\/asolaa.ac.at\/wordpress\/projekttag-am-faschingsdienstag\/","title":{"rendered":"Projekttag am Faschingsdienstag"},"content":{"rendered":"<div class=\"wpb-content-wrapper\"><p>[vc_row][vc_column][vc_column_text]Wir starteten den Faschingsdienstag mit einem lustigen Gedicht und einem Tanz, dazu trafen sich alle Sch\u00fcler:innen in der Aula. Im Anschluss hatten alle Klassen- und Teamlehrerinnen besondere Unterrichtsstunden geplant. In der gro\u00dfen Pause gab es k\u00f6stliche Faschingskrapfen. Der Tag endete mit einem Sesseltanz in der Aula. Es hatten alle sichtlich viel Spa\u00df![\/vc_column_text][\/vc_column][\/vc_row][vc_row][vc_column][vc_column_text]<a href=\"https:\/\/asolaa-my.sharepoint.com\/:f:\/g\/personal\/fotos_asolaa_ac_at\/EmUoqt9pIdhEk5qZMZXLBjABGZQ3O0YOxVEDJzfxT3sKhA?e=MltOgA\" target=\"_blank\" rel=\"noopener\">Hier<\/a> finden Sie noch weitere Fotos!<\/p>\n<p>Auch in der Nachmittagsbetreuung gab es am Montag ein Faschingsfest. Zu den Fotos gelangen Sie <a href=\"https:\/\/asolaa-my.sharepoint.com\/:f:\/g\/personal\/fotos_asolaa_ac_at\/EvwxYieJRKJCtULb0T5Pk6IBd3KhoIK16DZJkEUPdRTH5Q?e=t2pJ52\" target=\"_blank\" rel=\"noopener\">hier<\/a>![\/vc_column_text][\/vc_column][\/vc_row]<\/p>\n<\/div>","protected":false},"excerpt":{"rendered":"<p>[vc_row][vc_column][vc_column_text]Wir starteten den Faschingsdienstag mit einem lustigen Gedicht und einem Tanz, dazu trafen sich alle Sch\u00fcler:innen in der Aula. Im Anschluss hatten alle Klassen- und Teamlehrerinnen besondere Unterrichtsstunden geplant. In der gro\u00dfen Pause gab es k\u00f6stliche Faschingskrapfen. Der Tag endete mit einem Sesseltanz in der Aula. Es hatten alle sichtlich viel Spa\u00df![\/vc_column_text][\/vc_column][\/vc_row][vc_row][vc_column][vc_column_text]Hier finden Sie noch&hellip;<\/p>\n","protected":false},"author":1,"featured_media":57150,"comment_status":"closed","ping_status":"closed","sticky":false,"template":"","format":"standard","meta":{"footnotes":""},"categories":[449],"tags":[],"class_list":["post-57147","post","type-post","status-publish","format-standard","has-post-thumbnail","hentry","category-aktuelles-2022-23","category-449","description-off"],"aioseo_notices":[],"_links":{"self":[{"href":"https:\/\/asolaa.ac.at\/wordpress\/wp-json\/wp\/v2\/posts\/57147","targetHints":{"allow":["GET"]}}],"collection":[{"href":"https:\/\/asolaa.ac.at\/wordpress\/wp-json\/wp\/v2\/posts"}],"about":[{"href":"https:\/\/asolaa.ac.at\/wordpress\/wp-json\/wp\/v2\/types\/post"}],"author":[{"embeddable":true,"href":"https:\/\/asolaa.ac.at\/wordpress\/wp-json\/wp\/v2\/users\/1"}],"replies":[{"embeddable":true,"href":"https:\/\/asolaa.ac.at\/wordpress\/wp-json\/wp\/v2\/comments?post=57147"}],"version-history":[{"count":5,"href":"https:\/\/asolaa.ac.at\/wordpress\/wp-json\/wp\/v2\/posts\/57147\/revisions"}],"predecessor-version":[{"id":57171,"href":"https:\/\/asolaa.ac.at\/wordpress\/wp-json\/wp\/v2\/posts\/57147\/revisions\/57171"}],"wp:featuredmedia":[{"embeddable":true,"href":"https:\/\/asolaa.ac.at\/wordpress\/wp-json\/wp\/v2\/media\/57150"}],"wp:attachment":[{"href":"https:\/\/asolaa.ac.at\/wordpress\/wp-json\/wp\/v2\/media?parent=57147"}],"wp:term":[{"taxonomy":"category","embeddable":true,"href":"https:\/\/asolaa.ac.at\/wordpress\/wp-json\/wp\/v2\/categories?post=57147"},{"taxonomy":"post_tag","embeddable":true,"href":"https:\/\/asolaa.ac.at\/wordpress\/wp-json\/wp\/v2\/tags?post=57147"}],"curies":[{"name":"wp","href":"https:\/\/api.w.org\/{rel}","templated":true}]}}