{"id":57166,"date":"2023-02-28T21:08:46","date_gmt":"2023-02-28T20:08:46","guid":{"rendered":"https:\/\/asolaa.ac.at\/wordpress\/?p=57166"},"modified":"2023-02-28T21:21:04","modified_gmt":"2023-02-28T20:21:04","slug":"wir-feiern-unsere-frau-lehrer-solic-2","status":"publish","type":"post","link":"https:\/\/asolaa.ac.at\/wordpress\/wir-feiern-unsere-frau-lehrer-solic-2\/","title":{"rendered":"Wir feiern unsere Frau Lehrer Solic!"},"content":{"rendered":"<div class=\"wpb-content-wrapper\"><p>[vc_row][vc_column][vc_column_text]Volksschuloberlehrerin Mag\u1d43. Eva Solic bekam am Freitag, dem 24.02.2023, f\u00fcr ihre \u00e4u\u00dferst engagierte Arbeit in der Schule den Berufstitel Schulr\u00e4tin von HRin Mag.\u1d43 Dr. Brigitte Schuckert verliehen. Auch SQM Brigitte Ribisch sowie OSRin SDin im Ruhestand Gudrun Kurz und die ehemaligen Kolleginnen Renee Stockhammer und SRin Christa Wurzinger fanden sich unter den Ehreng\u00e4sten. Die Sch\u00fcler:innen gestalteten den Festakt mit Liedern und je zwei Kinder aus jeder Klasse gratulierten stellvertretend mit einem Gedicht. Die Sch\u00fcler:innen \u00fcberreichten gefilzte Magnolien und das Team beschenkte Frau Lehrer Solic mit einer Vase aus dem Weltladen Laa. Nach dem Festakt gab es eine Jause im Teamraum. Es war ein sehr gelungenes Fest.[\/vc_column_text][\/vc_column][\/vc_row][vc_row][vc_column][vc_column_text]Zu weiteren Fotos vom Festakt gelangen Sie <a href=\"https:\/\/photos.google.com\/share\/AF1QipO0Z94pZ4QzWxdXEgklHg18MkEmIO0zNP4x57rKXHDOaJ2wJyaKZuhu54Ul1IetvQ\/photo\/AF1QipMJvGWF-inXJsPGU0WWqg9cuJdT8oOnRFqXKu_Y?key=bWZxbUNRLUZSVEtyLTlwZHZxekhjQ296c1VQMDB3\" target=\"_blank\" rel=\"noopener\">hier<\/a>! Zu den \u00fcbrigen Fotos <a href=\"https:\/\/asolaa-my.sharepoint.com\/:f:\/g\/personal\/fotos_asolaa_ac_at\/El2VkL6Pj1dFs7_jKjSLVvIBdCpLNCFRf-PnXtOYtuHLgg?e=XOBnEP\" target=\"_blank\" rel=\"noopener\">hier<\/a>!<\/p>\n<p>&nbsp;<\/p>\n<p>Fotos von Susanne Bauer und Karin Otahal[\/vc_column_text][\/vc_column][\/vc_row]<\/p>\n<\/div>","protected":false},"excerpt":{"rendered":"<p>[vc_row][vc_column][vc_column_text]Volksschuloberlehrerin Mag\u1d43. Eva Solic bekam am Freitag, dem 24.02.2023, f\u00fcr ihre \u00e4u\u00dferst engagierte Arbeit in der Schule den Berufstitel Schulr\u00e4tin von HRin Mag.\u1d43 Dr. Brigitte Schuckert verliehen. Auch SQM Brigitte Ribisch sowie OSRin SDin im Ruhestand Gudrun Kurz und die ehemaligen Kolleginnen Renee Stockhammer und SRin Christa Wurzinger fanden sich unter den Ehreng\u00e4sten. Die Sch\u00fcler:innen&hellip;<\/p>\n","protected":false},"author":1,"featured_media":57167,"comment_status":"closed","ping_status":"closed","sticky":false,"template":"","format":"standard","meta":{"footnotes":""},"categories":[449],"tags":[],"class_list":["post-57166","post","type-post","status-publish","format-standard","has-post-thumbnail","hentry","category-aktuelles-2022-23","category-449","description-off"],"aioseo_notices":[],"_links":{"self":[{"href":"https:\/\/asolaa.ac.at\/wordpress\/wp-json\/wp\/v2\/posts\/57166","targetHints":{"allow":["GET"]}}],"collection":[{"href":"https:\/\/asolaa.ac.at\/wordpress\/wp-json\/wp\/v2\/posts"}],"about":[{"href":"https:\/\/asolaa.ac.at\/wordpress\/wp-json\/wp\/v2\/types\/post"}],"author":[{"embeddable":true,"href":"https:\/\/asolaa.ac.at\/wordpress\/wp-json\/wp\/v2\/users\/1"}],"replies":[{"embeddable":true,"href":"https:\/\/asolaa.ac.at\/wordpress\/wp-json\/wp\/v2\/comments?post=57166"}],"version-history":[{"count":3,"href":"https:\/\/asolaa.ac.at\/wordpress\/wp-json\/wp\/v2\/posts\/57166\/revisions"}],"predecessor-version":[{"id":57170,"href":"https:\/\/asolaa.ac.at\/wordpress\/wp-json\/wp\/v2\/posts\/57166\/revisions\/57170"}],"wp:featuredmedia":[{"embeddable":true,"href":"https:\/\/asolaa.ac.at\/wordpress\/wp-json\/wp\/v2\/media\/57167"}],"wp:attachment":[{"href":"https:\/\/asolaa.ac.at\/wordpress\/wp-json\/wp\/v2\/media?parent=57166"}],"wp:term":[{"taxonomy":"category","embeddable":true,"href":"https:\/\/asolaa.ac.at\/wordpress\/wp-json\/wp\/v2\/categories?post=57166"},{"taxonomy":"post_tag","embeddable":true,"href":"https:\/\/asolaa.ac.at\/wordpress\/wp-json\/wp\/v2\/tags?post=57166"}],"curies":[{"name":"wp","href":"https:\/\/api.w.org\/{rel}","templated":true}]}}