{"id":57297,"date":"2023-09-18T08:47:18","date_gmt":"2023-09-18T06:47:18","guid":{"rendered":"https:\/\/asolaa.ac.at\/wordpress\/?p=57297"},"modified":"2023-09-18T08:47:18","modified_gmt":"2023-09-18T06:47:18","slug":"wir-starten-ins-neue-schuljahr","status":"publish","type":"post","link":"https:\/\/asolaa.ac.at\/wordpress\/wir-starten-ins-neue-schuljahr\/","title":{"rendered":"Wir starten ins neue Schuljahr!"},"content":{"rendered":"<div class=\"wpb-content-wrapper\"><p>[vc_row][vc_column][vc_column_text]Das neue Schuljahr haben wir wieder in der Aula unserer Schule mit dem Segen Gottes begonnen. Erfreulicherweise durfte die Schulleiterin Marlene Graf zu unserem Wortgottesdienst sehr viele Eltern begr\u00fc\u00dfen, die ihre Kinder gerne am 1. Schultag begleitet haben.<\/p>\n<p>Der Wortgottesdienst wurde von unserer Religionslehrerin Monika Wieland nach unserem Jahresmotto gestaltet. Dieses lautet: \u201eIch \u2013 du \u2013 wir. Miteinander hier.\u201c\u00a0 Mit einfachen Darstellungen folgten wir dem Weg vom Ich \u00fcber das Du zum Wir. Den H\u00f6hepunkt bildete ein Spiel mit dem Schwungtuch, an dem alle Sch\u00fcler:innen teilnahmen.<\/p>\n<p>Das Schuljahr 2023\/24 m\u00f6ge uns allen \u2013 vor allem aber unseren neuen Sch\u00fcler:innen \u2013 viele spannende und sch\u00f6ne Stunden bringen!<\/p>\n<p>Bericht von SR Mag. Eva Solic[\/vc_column_text][\/vc_column][\/vc_row][vc_row][vc_column][vc_column_text]Zu weiteren Fotos gelangen Sie <a href=\"https:\/\/asolaa-my.sharepoint.com\/:f:\/g\/personal\/fotos_asolaa_ac_at\/EpgBHID5HEJGoqgGAXddfnMBEZWtCxxSt9NJOndwwNl94g?e=ryIojo\">hier<\/a>![\/vc_column_text][\/vc_column][\/vc_row]<\/p>\n<\/div>","protected":false},"excerpt":{"rendered":"<p>[vc_row][vc_column][vc_column_text]Das neue Schuljahr haben wir wieder in der Aula unserer Schule mit dem Segen Gottes begonnen. Erfreulicherweise durfte die Schulleiterin Marlene Graf zu unserem Wortgottesdienst sehr viele Eltern begr\u00fc\u00dfen, die ihre Kinder gerne am 1. Schultag begleitet haben. Der Wortgottesdienst wurde von unserer Religionslehrerin Monika Wieland nach unserem Jahresmotto gestaltet. Dieses lautet: \u201eIch \u2013 du&hellip;<\/p>\n","protected":false},"author":1,"featured_media":57293,"comment_status":"closed","ping_status":"closed","sticky":false,"template":"","format":"standard","meta":{"footnotes":""},"categories":[450],"tags":[],"class_list":["post-57297","post","type-post","status-publish","format-standard","has-post-thumbnail","hentry","category-aktuelles-2023-24","category-450","description-off"],"aioseo_notices":[],"_links":{"self":[{"href":"https:\/\/asolaa.ac.at\/wordpress\/wp-json\/wp\/v2\/posts\/57297","targetHints":{"allow":["GET"]}}],"collection":[{"href":"https:\/\/asolaa.ac.at\/wordpress\/wp-json\/wp\/v2\/posts"}],"about":[{"href":"https:\/\/asolaa.ac.at\/wordpress\/wp-json\/wp\/v2\/types\/post"}],"author":[{"embeddable":true,"href":"https:\/\/asolaa.ac.at\/wordpress\/wp-json\/wp\/v2\/users\/1"}],"replies":[{"embeddable":true,"href":"https:\/\/asolaa.ac.at\/wordpress\/wp-json\/wp\/v2\/comments?post=57297"}],"version-history":[{"count":1,"href":"https:\/\/asolaa.ac.at\/wordpress\/wp-json\/wp\/v2\/posts\/57297\/revisions"}],"predecessor-version":[{"id":57298,"href":"https:\/\/asolaa.ac.at\/wordpress\/wp-json\/wp\/v2\/posts\/57297\/revisions\/57298"}],"wp:featuredmedia":[{"embeddable":true,"href":"https:\/\/asolaa.ac.at\/wordpress\/wp-json\/wp\/v2\/media\/57293"}],"wp:attachment":[{"href":"https:\/\/asolaa.ac.at\/wordpress\/wp-json\/wp\/v2\/media?parent=57297"}],"wp:term":[{"taxonomy":"category","embeddable":true,"href":"https:\/\/asolaa.ac.at\/wordpress\/wp-json\/wp\/v2\/categories?post=57297"},{"taxonomy":"post_tag","embeddable":true,"href":"https:\/\/asolaa.ac.at\/wordpress\/wp-json\/wp\/v2\/tags?post=57297"}],"curies":[{"name":"wp","href":"https:\/\/api.w.org\/{rel}","templated":true}]}}