{"id":57408,"date":"2023-11-08T23:39:39","date_gmt":"2023-11-08T22:39:39","guid":{"rendered":"https:\/\/asolaa.ac.at\/wordpress\/?p=57408"},"modified":"2023-11-08T23:39:39","modified_gmt":"2023-11-08T22:39:39","slug":"bei-den-alpakas","status":"publish","type":"post","link":"https:\/\/asolaa.ac.at\/wordpress\/bei-den-alpakas\/","title":{"rendered":"Bei den Alpakas!"},"content":{"rendered":"<div class=\"wpb-content-wrapper\"><p>[vc_row][vc_column][vc_column_text]Am 8.11. machte die 4E Klasse einen Ausflug zu den Alpakas nach Eichenbrunn. Melissa aus der 2E begleitete uns zu den flauschigen Gesellen. Ella, die Besitzerin der Alpakafarm, erz\u00e4hlte uns viele spannende Details \u00fcber ihre 10 Alpakas (4 M\u00e4nnchen, 6 Weibchen). Wir durften sie anschlie\u00dfend auf die Weide der \u201eDamen\u201c begleiten und diese mit Leckerlies verw\u00f6hnen. Da sie sich nicht gerne streicheln lassen und man mit ihnen auch nicht spazieren gehen kann, wanderten wir zur\u00fcck zu den \u201eHerren\u201c und dann ging es auch schon los. Wir marschierten mit Domingo, Asterix, Fabio und Andro an der Leine durch den Ort und f\u00fctterten sie zwischendurch mit Bl\u00e4ttern. Das war ein Spa\u00df!<\/p>\n<p>Wieder zur\u00fcck wurden noch viele Erinnerungsfotos gemacht und mit den Tieren gekuschelt. Anschlie\u00dfend machten wir Pause in der warmen H\u00fctte und bekamen Kuchen und Getr\u00e4nke von Ella serviert.<\/p>\n<p>Ein weiteres Highlight f\u00fcr die Kids waren die ausgedruckten Fotos in Bilderrahmen, die die Sch\u00fcler\/innen selbst gestalten und mit nach Hause nehmen durften.<\/p>\n<p>Es war ein wundersch\u00f6ner Ausflug und wir sagen Ella DANKE f\u00fcr alles!<\/p>\n<p>Bericht von Prof. Franziska M\u00fchlberger, BEd[\/vc_column_text][\/vc_column][\/vc_row][vc_row][vc_column][vc_column_text]Zu den Fotos gelangen Sie <a href=\"https:\/\/asolaa-my.sharepoint.com\/:f:\/g\/personal\/fotos_asolaa_ac_at\/EpPWXvcf7aNKqWmyVXKitwcB5uSbvuBOCFfi6r6v4rcTwg?e=JKgHkB\">hier<\/a>![\/vc_column_text][\/vc_column][\/vc_row]<\/p>\n<\/div>","protected":false},"excerpt":{"rendered":"<p>[vc_row][vc_column][vc_column_text]Am 8.11. machte die 4E Klasse einen Ausflug zu den Alpakas nach Eichenbrunn. Melissa aus der 2E begleitete uns zu den flauschigen Gesellen. Ella, die Besitzerin der Alpakafarm, erz\u00e4hlte uns viele spannende Details \u00fcber ihre 10 Alpakas (4 M\u00e4nnchen, 6 Weibchen). Wir durften sie anschlie\u00dfend auf die Weide der \u201eDamen\u201c begleiten und diese mit Leckerlies&hellip;<\/p>\n","protected":false},"author":1,"featured_media":57409,"comment_status":"closed","ping_status":"closed","sticky":false,"template":"","format":"standard","meta":{"footnotes":""},"categories":[450],"tags":[],"class_list":["post-57408","post","type-post","status-publish","format-standard","has-post-thumbnail","hentry","category-aktuelles-2023-24","category-450","description-off"],"aioseo_notices":[],"_links":{"self":[{"href":"https:\/\/asolaa.ac.at\/wordpress\/wp-json\/wp\/v2\/posts\/57408","targetHints":{"allow":["GET"]}}],"collection":[{"href":"https:\/\/asolaa.ac.at\/wordpress\/wp-json\/wp\/v2\/posts"}],"about":[{"href":"https:\/\/asolaa.ac.at\/wordpress\/wp-json\/wp\/v2\/types\/post"}],"author":[{"embeddable":true,"href":"https:\/\/asolaa.ac.at\/wordpress\/wp-json\/wp\/v2\/users\/1"}],"replies":[{"embeddable":true,"href":"https:\/\/asolaa.ac.at\/wordpress\/wp-json\/wp\/v2\/comments?post=57408"}],"version-history":[{"count":1,"href":"https:\/\/asolaa.ac.at\/wordpress\/wp-json\/wp\/v2\/posts\/57408\/revisions"}],"predecessor-version":[{"id":57410,"href":"https:\/\/asolaa.ac.at\/wordpress\/wp-json\/wp\/v2\/posts\/57408\/revisions\/57410"}],"wp:featuredmedia":[{"embeddable":true,"href":"https:\/\/asolaa.ac.at\/wordpress\/wp-json\/wp\/v2\/media\/57409"}],"wp:attachment":[{"href":"https:\/\/asolaa.ac.at\/wordpress\/wp-json\/wp\/v2\/media?parent=57408"}],"wp:term":[{"taxonomy":"category","embeddable":true,"href":"https:\/\/asolaa.ac.at\/wordpress\/wp-json\/wp\/v2\/categories?post=57408"},{"taxonomy":"post_tag","embeddable":true,"href":"https:\/\/asolaa.ac.at\/wordpress\/wp-json\/wp\/v2\/tags?post=57408"}],"curies":[{"name":"wp","href":"https:\/\/api.w.org\/{rel}","templated":true}]}}