{"id":57448,"date":"2024-02-15T19:51:44","date_gmt":"2024-02-15T18:51:44","guid":{"rendered":"https:\/\/asolaa.ac.at\/wordpress\/?p=57448"},"modified":"2024-02-15T19:51:44","modified_gmt":"2024-02-15T18:51:44","slug":"aschenkreuz","status":"publish","type":"post","link":"https:\/\/asolaa.ac.at\/wordpress\/aschenkreuz\/","title":{"rendered":"Aschenkreuz"},"content":{"rendered":"<div class=\"wpb-content-wrapper\"><p>[vc_row][vc_column][vc_column_text]Am Aschermittwoch fand eine liturgische Feier zum Thema &#8222;Kehr um!&#8220; statt, zu der alle eingeladen waren. Vier Klassen nahmen aktiv daran teil, indem sie mit Begeisterung sangen, lasen und aufmerksam zuh\u00f6rten. Zus\u00e4tzlich empfingen sie das Aschenkreuz. Wir danken unserer Religionslehrerin Monika Wieland f\u00fcr die gut vorbereitete Feier![\/vc_column_text][\/vc_column][\/vc_row][vc_row][vc_column][vc_column_text]<a href=\"https:\/\/asolaa-my.sharepoint.com\/:f:\/g\/personal\/fotos_asolaa_ac_at\/Evs1SQi4rzJFu3eNXrO_MQ8B3JV1nlEf5xUCO_CEhDP_9A?e=og8jqL\">Hier<\/a> gelangen Sie zu den Fotos![\/vc_column_text][\/vc_column][\/vc_row]<\/p>\n<\/div>","protected":false},"excerpt":{"rendered":"<p>[vc_row][vc_column][vc_column_text]Am Aschermittwoch fand eine liturgische Feier zum Thema &#8222;Kehr um!&#8220; statt, zu der alle eingeladen waren. Vier Klassen nahmen aktiv daran teil, indem sie mit Begeisterung sangen, lasen und aufmerksam zuh\u00f6rten. Zus\u00e4tzlich empfingen sie das Aschenkreuz. Wir danken unserer Religionslehrerin Monika Wieland f\u00fcr die gut vorbereitete Feier![\/vc_column_text][\/vc_column][\/vc_row][vc_row][vc_column][vc_column_text]Hier gelangen Sie zu den Fotos![\/vc_column_text][\/vc_column][\/vc_row]<\/p>\n","protected":false},"author":1,"featured_media":57451,"comment_status":"closed","ping_status":"closed","sticky":false,"template":"","format":"standard","meta":{"footnotes":""},"categories":[450],"tags":[],"class_list":["post-57448","post","type-post","status-publish","format-standard","has-post-thumbnail","hentry","category-aktuelles-2023-24","category-450","description-off"],"aioseo_notices":[],"_links":{"self":[{"href":"https:\/\/asolaa.ac.at\/wordpress\/wp-json\/wp\/v2\/posts\/57448","targetHints":{"allow":["GET"]}}],"collection":[{"href":"https:\/\/asolaa.ac.at\/wordpress\/wp-json\/wp\/v2\/posts"}],"about":[{"href":"https:\/\/asolaa.ac.at\/wordpress\/wp-json\/wp\/v2\/types\/post"}],"author":[{"embeddable":true,"href":"https:\/\/asolaa.ac.at\/wordpress\/wp-json\/wp\/v2\/users\/1"}],"replies":[{"embeddable":true,"href":"https:\/\/asolaa.ac.at\/wordpress\/wp-json\/wp\/v2\/comments?post=57448"}],"version-history":[{"count":3,"href":"https:\/\/asolaa.ac.at\/wordpress\/wp-json\/wp\/v2\/posts\/57448\/revisions"}],"predecessor-version":[{"id":57452,"href":"https:\/\/asolaa.ac.at\/wordpress\/wp-json\/wp\/v2\/posts\/57448\/revisions\/57452"}],"wp:featuredmedia":[{"embeddable":true,"href":"https:\/\/asolaa.ac.at\/wordpress\/wp-json\/wp\/v2\/media\/57451"}],"wp:attachment":[{"href":"https:\/\/asolaa.ac.at\/wordpress\/wp-json\/wp\/v2\/media?parent=57448"}],"wp:term":[{"taxonomy":"category","embeddable":true,"href":"https:\/\/asolaa.ac.at\/wordpress\/wp-json\/wp\/v2\/categories?post=57448"},{"taxonomy":"post_tag","embeddable":true,"href":"https:\/\/asolaa.ac.at\/wordpress\/wp-json\/wp\/v2\/tags?post=57448"}],"curies":[{"name":"wp","href":"https:\/\/api.w.org\/{rel}","templated":true}]}}