{"id":57466,"date":"2024-03-22T13:33:52","date_gmt":"2024-03-22T12:33:52","guid":{"rendered":"https:\/\/asolaa.ac.at\/wordpress\/?p=57466"},"modified":"2024-03-22T13:33:52","modified_gmt":"2024-03-22T12:33:52","slug":"gemeinsames-osterfest","status":"publish","type":"post","link":"https:\/\/asolaa.ac.at\/wordpress\/gemeinsames-osterfest\/","title":{"rendered":"Gemeinsames Osterfest"},"content":{"rendered":"<div class=\"wpb-content-wrapper\"><p>[vc_row][vc_column][vc_column_text]Am Mittwoch vor den Ferien feierten wir mit Pfarrer Philipp das bevorstehende Osterfest. Gemeinsam mit ihrer Religionslehrerin Monika Wieland bereiteten die Sch\u00fclerInnen Texte und Lieder vor. Begleitet wurde der Gesang von Frau Kr\u00fcckl und Frau Solic mit ihren Gitarren. Es war eine stimmungsvolle Feier am Tag des Fr\u00fchlingsbeginns.[\/vc_column_text][\/vc_column][\/vc_row][vc_row][vc_column][vc_column_text]Zu den Fotos gelangen Sie <a href=\"https:\/\/asolaa-my.sharepoint.com\/:f:\/g\/personal\/fotos_asolaa_ac_at\/EjL6mnlUpCBOidVPMXTRCcAB7-IHCgVE9BjSw0fiGb9kIA?e=d4va85\" target=\"_blank\" rel=\"noopener\">hier<\/a>![\/vc_column_text][\/vc_column][\/vc_row]<\/p>\n<\/div>","protected":false},"excerpt":{"rendered":"<p>[vc_row][vc_column][vc_column_text]Am Mittwoch vor den Ferien feierten wir mit Pfarrer Philipp das bevorstehende Osterfest. Gemeinsam mit ihrer Religionslehrerin Monika Wieland bereiteten die Sch\u00fclerInnen Texte und Lieder vor. Begleitet wurde der Gesang von Frau Kr\u00fcckl und Frau Solic mit ihren Gitarren. Es war eine stimmungsvolle Feier am Tag des Fr\u00fchlingsbeginns.[\/vc_column_text][\/vc_column][\/vc_row][vc_row][vc_column][vc_column_text]Zu den Fotos gelangen Sie hier![\/vc_column_text][\/vc_column][\/vc_row]<\/p>\n","protected":false},"author":1,"featured_media":57463,"comment_status":"closed","ping_status":"closed","sticky":false,"template":"","format":"standard","meta":{"footnotes":""},"categories":[450],"tags":[],"class_list":["post-57466","post","type-post","status-publish","format-standard","has-post-thumbnail","hentry","category-aktuelles-2023-24","category-450","description-off"],"aioseo_notices":[],"_links":{"self":[{"href":"https:\/\/asolaa.ac.at\/wordpress\/wp-json\/wp\/v2\/posts\/57466","targetHints":{"allow":["GET"]}}],"collection":[{"href":"https:\/\/asolaa.ac.at\/wordpress\/wp-json\/wp\/v2\/posts"}],"about":[{"href":"https:\/\/asolaa.ac.at\/wordpress\/wp-json\/wp\/v2\/types\/post"}],"author":[{"embeddable":true,"href":"https:\/\/asolaa.ac.at\/wordpress\/wp-json\/wp\/v2\/users\/1"}],"replies":[{"embeddable":true,"href":"https:\/\/asolaa.ac.at\/wordpress\/wp-json\/wp\/v2\/comments?post=57466"}],"version-history":[{"count":1,"href":"https:\/\/asolaa.ac.at\/wordpress\/wp-json\/wp\/v2\/posts\/57466\/revisions"}],"predecessor-version":[{"id":57467,"href":"https:\/\/asolaa.ac.at\/wordpress\/wp-json\/wp\/v2\/posts\/57466\/revisions\/57467"}],"wp:featuredmedia":[{"embeddable":true,"href":"https:\/\/asolaa.ac.at\/wordpress\/wp-json\/wp\/v2\/media\/57463"}],"wp:attachment":[{"href":"https:\/\/asolaa.ac.at\/wordpress\/wp-json\/wp\/v2\/media?parent=57466"}],"wp:term":[{"taxonomy":"category","embeddable":true,"href":"https:\/\/asolaa.ac.at\/wordpress\/wp-json\/wp\/v2\/categories?post=57466"},{"taxonomy":"post_tag","embeddable":true,"href":"https:\/\/asolaa.ac.at\/wordpress\/wp-json\/wp\/v2\/tags?post=57466"}],"curies":[{"name":"wp","href":"https:\/\/api.w.org\/{rel}","templated":true}]}}