{"id":57470,"date":"2024-04-04T09:28:41","date_gmt":"2024-04-04T07:28:41","guid":{"rendered":"https:\/\/asolaa.ac.at\/wordpress\/?p=57470"},"modified":"2024-04-04T09:28:41","modified_gmt":"2024-04-04T07:28:41","slug":"besuch-der-stadtbibliothek-laa","status":"publish","type":"post","link":"https:\/\/asolaa.ac.at\/wordpress\/besuch-der-stadtbibliothek-laa\/","title":{"rendered":"Besuch der Stadtbibliothek Laa"},"content":{"rendered":"<div class=\"wpb-content-wrapper\"><p>[vc_row][vc_column][vc_column_text]Den \u00f6sterreichischen Vorlesetag am 21. M\u00e4rz 2024 n\u00fctzten die E &#8211; Klassen f\u00fcr einen Besuch in der Laaer Stadtbibliothek. Um 9.30 wurden wir schon von Frau Schwungfeld \u2013 Fass und Frau Rieder erwartet und durften einen Rundgang durch die B\u00fccherei machen. Die meisten Sch\u00fcler:innen griffen sofort zu den sehr ansprechend sortierten B\u00fcchern, um sie genauer anzuschauen.<\/p>\n<p>Anschlie\u00dfend gab es eine kleine Lesung von Frau Schwungfeld \u2013 Fass aus dem Buch \u201eFinde den T\u00e4ter\u201c. Die Aufgabe f\u00fcr die Zuh\u00f6rer war es, immer wieder auf den diversen Bildern die Hinweise zu suchen, um so den T\u00e4ter zu \u00fcberf\u00fchren.<\/p>\n<p>Zum Abschluss durften dann die Sch\u00fcler:innen in den Sitzecken nach Lust und Laune aus dem reichhaltigen B\u00fccherangebot w\u00e4hlen und nat\u00fcrlich auch lesen bzw. lie\u00dfen sich manche Kinder gerne vorlesen!<\/p>\n<p>Das nette Ambiente in der B\u00fccherei veranlasste einige Personen dazu, eine Mitgliedschaft in der Laaer Stadtb\u00fccherei abzuschlie\u00dfen.<\/p>\n<p>Unser Dank gilt auch den vielen Begleitern!<\/p>\n<p>[\/vc_column_text][\/vc_column][\/vc_row][vc_row][vc_column][vc_column_text]<a href=\"https:\/\/asolaa-my.sharepoint.com\/:f:\/g\/personal\/fotos_asolaa_ac_at\/ElJZ6iDT1BRBtgNxtCaXEJMBwN8ehj-wBkMei29qRDZCKw?e=FhIs3C\" target=\"_blank\" rel=\"noopener\">Hier<\/a> geht\u00b4s zu den Fotos![\/vc_column_text][\/vc_column][\/vc_row]<\/p>\n<\/div>","protected":false},"excerpt":{"rendered":"<p>[vc_row][vc_column][vc_column_text]Den \u00f6sterreichischen Vorlesetag am 21. M\u00e4rz 2024 n\u00fctzten die E &#8211; Klassen f\u00fcr einen Besuch in der Laaer Stadtbibliothek. Um 9.30 wurden wir schon von Frau Schwungfeld \u2013 Fass und Frau Rieder erwartet und durften einen Rundgang durch die B\u00fccherei machen. Die meisten Sch\u00fcler:innen griffen sofort zu den sehr ansprechend sortierten B\u00fcchern, um sie genauer&hellip;<\/p>\n","protected":false},"author":1,"featured_media":57471,"comment_status":"closed","ping_status":"closed","sticky":false,"template":"","format":"standard","meta":{"footnotes":""},"categories":[450],"tags":[],"class_list":["post-57470","post","type-post","status-publish","format-standard","has-post-thumbnail","hentry","category-aktuelles-2023-24","category-450","description-off"],"aioseo_notices":[],"_links":{"self":[{"href":"https:\/\/asolaa.ac.at\/wordpress\/wp-json\/wp\/v2\/posts\/57470","targetHints":{"allow":["GET"]}}],"collection":[{"href":"https:\/\/asolaa.ac.at\/wordpress\/wp-json\/wp\/v2\/posts"}],"about":[{"href":"https:\/\/asolaa.ac.at\/wordpress\/wp-json\/wp\/v2\/types\/post"}],"author":[{"embeddable":true,"href":"https:\/\/asolaa.ac.at\/wordpress\/wp-json\/wp\/v2\/users\/1"}],"replies":[{"embeddable":true,"href":"https:\/\/asolaa.ac.at\/wordpress\/wp-json\/wp\/v2\/comments?post=57470"}],"version-history":[{"count":1,"href":"https:\/\/asolaa.ac.at\/wordpress\/wp-json\/wp\/v2\/posts\/57470\/revisions"}],"predecessor-version":[{"id":57472,"href":"https:\/\/asolaa.ac.at\/wordpress\/wp-json\/wp\/v2\/posts\/57470\/revisions\/57472"}],"wp:featuredmedia":[{"embeddable":true,"href":"https:\/\/asolaa.ac.at\/wordpress\/wp-json\/wp\/v2\/media\/57471"}],"wp:attachment":[{"href":"https:\/\/asolaa.ac.at\/wordpress\/wp-json\/wp\/v2\/media?parent=57470"}],"wp:term":[{"taxonomy":"category","embeddable":true,"href":"https:\/\/asolaa.ac.at\/wordpress\/wp-json\/wp\/v2\/categories?post=57470"},{"taxonomy":"post_tag","embeddable":true,"href":"https:\/\/asolaa.ac.at\/wordpress\/wp-json\/wp\/v2\/tags?post=57470"}],"curies":[{"name":"wp","href":"https:\/\/api.w.org\/{rel}","templated":true}]}}